{"id":8082,"date":"2019-10-07T16:54:58","date_gmt":"2019-10-07T19:54:58","guid":{"rendered":"https:\/\/www.rodrigocypriano.com.br\/blog\/?p=8082"},"modified":"2020-07-02T13:07:37","modified_gmt":"2020-07-02T16:07:37","slug":"fotos-de-casamento-giovanna-e-fred-terras-de-clara-morungaba-sp","status":"publish","type":"post","link":"https:\/\/rodrigocypriano.com.br\/blog\/fotos-de-casamento-giovanna-e-fred-terras-de-clara-morungaba-sp\/","title":{"rendered":"Casamento | Giovanna e Fred | Terras de Clara | Morungaba &#8211; SP"},"content":{"rendered":"\n<h6 class=\"wp-block-heading\">Fotos de casamento Terras de Clara, Fot\u00f3grafo de Casamento e ensaios pr\u00e9 casamento Rodrigo Cypriano realizado No Terras de Clara em Morungaba &#8211; SP<\/h6>\n\n\n\n<figure class=\"wp-block-gallery columns-1 wp-block-gallery-1 is-layout-flex wp-block-gallery-is-layout-flex\"><ul class=\"blocks-gallery-grid\"><li class=\"blocks-gallery-item\"><figure><img decoding=\"async\" src=\"https:\/\/www.rodrigocypriano.com.br\/blog\/wp-content\/uploads\/2019\/10\/fotografo-casamento-sp-cas_giovana_frederico-00230.jpg\" alt=\"\" data-id=\"8083\" data-link=\"https:\/\/www.rodrigocypriano.com.br\/blog\/?attachment_id=8083\" class=\"wp-image-8083\"\/><\/figure><\/li><li class=\"blocks-gallery-item\"><figure><img decoding=\"async\" src=\"https:\/\/www.rodrigocypriano.com.br\/blog\/wp-content\/uploads\/2019\/10\/fotografo-casamento-sp-cas_giovana_frederico-00352.jpg\" alt=\"\" data-id=\"8084\" data-link=\"https:\/\/www.rodrigocypriano.com.br\/blog\/?attachment_id=8084\" class=\"wp-image-8084\"\/><\/figure><\/li><li class=\"blocks-gallery-item\"><figure><img decoding=\"async\" src=\"https:\/\/www.rodrigocypriano.com.br\/blog\/wp-content\/uploads\/2019\/10\/fotografo-casamento-sp-cas_giovana_frederico-00525.jpg\" alt=\"\" data-id=\"8085\" data-link=\"https:\/\/www.rodrigocypriano.com.br\/blog\/?attachment_id=8085\" class=\"wp-image-8085\"\/><\/figure><\/li><li class=\"blocks-gallery-item\"><figure><img decoding=\"async\" src=\"https:\/\/www.rodrigocypriano.com.br\/blog\/wp-content\/uploads\/2019\/10\/fotografo-casamento-sp-cas_giovana_frederico-01053.jpg\" alt=\"\" data-id=\"8086\" data-link=\"https:\/\/www.rodrigocypriano.com.br\/blog\/?attachment_id=8086\" class=\"wp-image-8086\"\/><\/figure><\/li><li class=\"blocks-gallery-item\"><figure><img decoding=\"async\" src=\"https:\/\/www.rodrigocypriano.com.br\/blog\/wp-content\/uploads\/2019\/10\/fotografo-casamento-sp-cas_giovana_frederico-01091.jpg\" alt=\"\" data-id=\"8087\" data-link=\"https:\/\/www.rodrigocypriano.com.br\/blog\/?attachment_id=8087\" class=\"wp-image-8087\"\/><\/figure><\/li><li class=\"blocks-gallery-item\"><figure><img decoding=\"async\" src=\"https:\/\/www.rodrigocypriano.com.br\/blog\/wp-content\/uploads\/2019\/10\/fotografo-casamento-sp-cas_giovana_frederico-01116.jpg\" alt=\"\" data-id=\"8088\" data-link=\"https:\/\/www.rodrigocypriano.com.br\/blog\/?attachment_id=8088\" class=\"wp-image-8088\"\/><\/figure><\/li><li class=\"blocks-gallery-item\"><figure><img decoding=\"async\" src=\"https:\/\/www.rodrigocypriano.com.br\/blog\/wp-content\/uploads\/2019\/10\/fotografo-casamento-sp-cas_giovana_frederico-01124.jpg\" alt=\"\" data-id=\"8089\" data-link=\"https:\/\/www.rodrigocypriano.com.br\/blog\/?attachment_id=8089\" class=\"wp-image-8089\"\/><\/figure><\/li><li class=\"blocks-gallery-item\"><figure><img decoding=\"async\" src=\"https:\/\/www.rodrigocypriano.com.br\/blog\/wp-content\/uploads\/2019\/10\/fotografo-casamento-sp-cas_giovana_frederico-01214.jpg\" alt=\"\" data-id=\"8090\" data-link=\"https:\/\/www.rodrigocypriano.com.br\/blog\/?attachment_id=8090\" class=\"wp-image-8090\"\/><\/figure><\/li><li class=\"blocks-gallery-item\"><figure><img decoding=\"async\" src=\"https:\/\/www.rodrigocypriano.com.br\/blog\/wp-content\/uploads\/2019\/10\/fotografo-casamento-sp-cas_giovana_frederico-01309-1367x2048.jpg\" alt=\"\" data-id=\"8091\" data-link=\"https:\/\/www.rodrigocypriano.com.br\/blog\/?attachment_id=8091\" class=\"wp-image-8091\"\/><\/figure><\/li><li class=\"blocks-gallery-item\"><figure><img decoding=\"async\" src=\"https:\/\/www.rodrigocypriano.com.br\/blog\/wp-content\/uploads\/2019\/10\/fotografo-casamento-sp-cas_giovana_frederico-01389.jpg\" alt=\"\" data-id=\"8092\" data-link=\"https:\/\/www.rodrigocypriano.com.br\/blog\/?attachment_id=8092\" class=\"wp-image-8092\"\/><\/figure><\/li><li class=\"blocks-gallery-item\"><figure><img decoding=\"async\" src=\"https:\/\/www.rodrigocypriano.com.br\/blog\/wp-content\/uploads\/2019\/10\/fotografo-casamento-sp-cas_giovana_frederico-01414.jpg\" alt=\"\" data-id=\"8093\" data-link=\"https:\/\/www.rodrigocypriano.com.br\/blog\/?attachment_id=8093\" class=\"wp-image-8093\"\/><\/figure><\/li><li class=\"blocks-gallery-item\"><figure><img decoding=\"async\" src=\"https:\/\/www.rodrigocypriano.com.br\/blog\/wp-content\/uploads\/2019\/10\/fotografo-casamento-sp-cas_giovana_frederico-01482.jpg\" alt=\"\" data-id=\"8094\" data-link=\"https:\/\/www.rodrigocypriano.com.br\/blog\/?attachment_id=8094\" class=\"wp-image-8094\"\/><\/figure><\/li><li class=\"blocks-gallery-item\"><figure><img decoding=\"async\" src=\"https:\/\/www.rodrigocypriano.com.br\/blog\/wp-content\/uploads\/2019\/10\/fotografo-casamento-sp-cas_giovana_frederico-02118.jpg\" alt=\"\" data-id=\"8095\" data-link=\"https:\/\/www.rodrigocypriano.com.br\/blog\/?attachment_id=8095\" class=\"wp-image-8095\"\/><\/figure><\/li><li class=\"blocks-gallery-item\"><figure><img decoding=\"async\" src=\"https:\/\/www.rodrigocypriano.com.br\/blog\/wp-content\/uploads\/2019\/10\/fotografo-casamento-sp-cas_giovana_frederico-02187.jpg\" alt=\"\" data-id=\"8096\" data-link=\"https:\/\/www.rodrigocypriano.com.br\/blog\/?attachment_id=8096\" class=\"wp-image-8096\"\/><\/figure><\/li><li class=\"blocks-gallery-item\"><figure><img decoding=\"async\" src=\"https:\/\/www.rodrigocypriano.com.br\/blog\/wp-content\/uploads\/2019\/10\/fotografo-casamento-sp-cas_giovana_frederico-02213.jpg\" alt=\"\" data-id=\"8097\" data-link=\"https:\/\/www.rodrigocypriano.com.br\/blog\/?attachment_id=8097\" class=\"wp-image-8097\"\/><\/figure><\/li><li class=\"blocks-gallery-item\"><figure><img decoding=\"async\" src=\"https:\/\/www.rodrigocypriano.com.br\/blog\/wp-content\/uploads\/2019\/10\/fotografo-casamento-sp-cas_giovana_frederico-02386.jpg\" alt=\"\" data-id=\"8098\" data-link=\"https:\/\/www.rodrigocypriano.com.br\/blog\/?attachment_id=8098\" class=\"wp-image-8098\"\/><\/figure><\/li><li class=\"blocks-gallery-item\"><figure><img decoding=\"async\" src=\"https:\/\/www.rodrigocypriano.com.br\/blog\/wp-content\/uploads\/2019\/10\/fotografo-casamento-sp-cas_giovana_frederico-02739.jpg\" alt=\"\" data-id=\"8099\" data-link=\"https:\/\/www.rodrigocypriano.com.br\/blog\/?attachment_id=8099\" class=\"wp-image-8099\"\/><\/figure><\/li><li class=\"blocks-gallery-item\"><figure><img decoding=\"async\" src=\"https:\/\/www.rodrigocypriano.com.br\/blog\/wp-content\/uploads\/2019\/10\/fotografo-casamento-sp-cas_giovana_frederico-04515.jpg\" alt=\"\" data-id=\"8100\" data-link=\"https:\/\/www.rodrigocypriano.com.br\/blog\/?attachment_id=8100\" class=\"wp-image-8100\"\/><\/figure><\/li><li class=\"blocks-gallery-item\"><figure><img decoding=\"async\" src=\"https:\/\/www.rodrigocypriano.com.br\/blog\/wp-content\/uploads\/2019\/10\/fotografo-casamento-sp-cas_giovana_frederico-04565.jpg\" alt=\"\" data-id=\"8101\" data-link=\"https:\/\/www.rodrigocypriano.com.br\/blog\/?attachment_id=8101\" class=\"wp-image-8101\"\/><\/figure><\/li><li class=\"blocks-gallery-item\"><figure><img decoding=\"async\" src=\"https:\/\/www.rodrigocypriano.com.br\/blog\/wp-content\/uploads\/2019\/10\/fotografo-casamento-sp-cas_giovana_frederico-04655.jpg\" alt=\"\" data-id=\"8102\" data-link=\"https:\/\/www.rodrigocypriano.com.br\/blog\/?attachment_id=8102\" class=\"wp-image-8102\"\/><\/figure><\/li><li class=\"blocks-gallery-item\"><figure><img decoding=\"async\" src=\"https:\/\/www.rodrigocypriano.com.br\/blog\/wp-content\/uploads\/2019\/10\/fotografo-casamento-sp-cas_giovana_frederico-05133.jpg\" alt=\"\" data-id=\"8103\" data-link=\"https:\/\/www.rodrigocypriano.com.br\/blog\/?attachment_id=8103\" class=\"wp-image-8103\"\/><\/figure><\/li><li class=\"blocks-gallery-item\"><figure><img decoding=\"async\" src=\"https:\/\/www.rodrigocypriano.com.br\/blog\/wp-content\/uploads\/2019\/10\/fotografo-casamento-sp-cas_giovana_frederico-05154.jpg\" alt=\"\" data-id=\"8104\" data-link=\"https:\/\/www.rodrigocypriano.com.br\/blog\/?attachment_id=8104\" class=\"wp-image-8104\"\/><\/figure><\/li><li class=\"blocks-gallery-item\"><figure><img decoding=\"async\" src=\"https:\/\/www.rodrigocypriano.com.br\/blog\/wp-content\/uploads\/2019\/10\/fotografo-casamento-sp-cas_giovana_frederico-05167.jpg\" alt=\"\" data-id=\"8105\" data-link=\"https:\/\/www.rodrigocypriano.com.br\/blog\/?attachment_id=8105\" class=\"wp-image-8105\"\/><\/figure><\/li><li class=\"blocks-gallery-item\"><figure><img decoding=\"async\" src=\"https:\/\/www.rodrigocypriano.com.br\/blog\/wp-content\/uploads\/2019\/10\/fotografo-casamento-sp-cas_giovana_frederico-05242-1367x2048.jpg\" alt=\"\" data-id=\"8106\" data-link=\"https:\/\/www.rodrigocypriano.com.br\/blog\/?attachment_id=8106\" class=\"wp-image-8106\"\/><\/figure><\/li><li class=\"blocks-gallery-item\"><figure><img decoding=\"async\" src=\"https:\/\/www.rodrigocypriano.com.br\/blog\/wp-content\/uploads\/2019\/10\/fotografo-casamento-sp-cas_giovana_frederico-05360.jpg\" alt=\"\" data-id=\"8107\" data-link=\"https:\/\/www.rodrigocypriano.com.br\/blog\/?attachment_id=8107\" class=\"wp-image-8107\"\/><\/figure><\/li><li class=\"blocks-gallery-item\"><figure><img decoding=\"async\" src=\"https:\/\/www.rodrigocypriano.com.br\/blog\/wp-content\/uploads\/2019\/10\/fotografo-casamento-sp-cas_giovana_frederico-05542.jpg\" alt=\"\" data-id=\"8108\" data-link=\"https:\/\/www.rodrigocypriano.com.br\/blog\/?attachment_id=8108\" class=\"wp-image-8108\"\/><\/figure><\/li><li class=\"blocks-gallery-item\"><figure><img decoding=\"async\" src=\"https:\/\/www.rodrigocypriano.com.br\/blog\/wp-content\/uploads\/2019\/10\/fotografo-casamento-sp-cas_giovana_frederico-05657.jpg\" alt=\"\" data-id=\"8109\" data-link=\"https:\/\/www.rodrigocypriano.com.br\/blog\/?attachment_id=8109\" class=\"wp-image-8109\"\/><\/figure><\/li><li class=\"blocks-gallery-item\"><figure><img decoding=\"async\" src=\"https:\/\/www.rodrigocypriano.com.br\/blog\/wp-content\/uploads\/2019\/10\/fotografo-casamento-sp-cas_giovana_frederico-05729.jpg\" alt=\"\" data-id=\"8110\" data-link=\"https:\/\/www.rodrigocypriano.com.br\/blog\/?attachment_id=8110\" class=\"wp-image-8110\"\/><\/figure><\/li><li class=\"blocks-gallery-item\"><figure><img decoding=\"async\" src=\"https:\/\/www.rodrigocypriano.com.br\/blog\/wp-content\/uploads\/2019\/10\/fotografo-casamento-sp-cas_giovana_frederico-05732.jpg\" alt=\"\" data-id=\"8111\" data-link=\"https:\/\/www.rodrigocypriano.com.br\/blog\/?attachment_id=8111\" class=\"wp-image-8111\"\/><\/figure><\/li><li class=\"blocks-gallery-item\"><figure><img decoding=\"async\" src=\"https:\/\/www.rodrigocypriano.com.br\/blog\/wp-content\/uploads\/2019\/10\/fotografo-casamento-sp-cas_giovana_frederico-05899-1367x2048.jpg\" alt=\"\" data-id=\"8112\" data-link=\"https:\/\/www.rodrigocypriano.com.br\/blog\/?attachment_id=8112\" class=\"wp-image-8112\"\/><\/figure><\/li><li class=\"blocks-gallery-item\"><figure><img decoding=\"async\" src=\"https:\/\/www.rodrigocypriano.com.br\/blog\/wp-content\/uploads\/2019\/10\/fotografo-casamento-sp-cas_giovana_frederico-05945.jpg\" alt=\"\" data-id=\"8113\" data-link=\"https:\/\/www.rodrigocypriano.com.br\/blog\/?attachment_id=8113\" class=\"wp-image-8113\"\/><\/figure><\/li><li class=\"blocks-gallery-item\"><figure><img decoding=\"async\" src=\"https:\/\/www.rodrigocypriano.com.br\/blog\/wp-content\/uploads\/2019\/10\/fotografo-casamento-sp-cas_giovana_frederico-06130.jpg\" alt=\"\" data-id=\"8114\" data-link=\"https:\/\/www.rodrigocypriano.com.br\/blog\/?attachment_id=8114\" class=\"wp-image-8114\"\/><\/figure><\/li><li class=\"blocks-gallery-item\"><figure><img decoding=\"async\" src=\"https:\/\/www.rodrigocypriano.com.br\/blog\/wp-content\/uploads\/2019\/10\/fotografo-casamento-sp-cas_giovana_frederico-06577.jpg\" alt=\"\" data-id=\"8115\" data-link=\"https:\/\/www.rodrigocypriano.com.br\/blog\/?attachment_id=8115\" class=\"wp-image-8115\"\/><\/figure><\/li><li class=\"blocks-gallery-item\"><figure><img decoding=\"async\" src=\"https:\/\/www.rodrigocypriano.com.br\/blog\/wp-content\/uploads\/2019\/10\/fotografo-casamento-sp-cas_giovana_frederico-06592.jpg\" alt=\"\" data-id=\"8116\" data-link=\"https:\/\/www.rodrigocypriano.com.br\/blog\/?attachment_id=8116\" class=\"wp-image-8116\"\/><\/figure><\/li><li class=\"blocks-gallery-item\"><figure><img decoding=\"async\" src=\"https:\/\/www.rodrigocypriano.com.br\/blog\/wp-content\/uploads\/2019\/10\/fotografo-casamento-sp-cas_giovana_frederico-07312.jpg\" alt=\"\" data-id=\"8117\" data-link=\"https:\/\/www.rodrigocypriano.com.br\/blog\/?attachment_id=8117\" class=\"wp-image-8117\"\/><\/figure><\/li><li class=\"blocks-gallery-item\"><figure><img decoding=\"async\" src=\"https:\/\/www.rodrigocypriano.com.br\/blog\/wp-content\/uploads\/2019\/10\/fotografo-casamento-sp-cas_giovana_frederico-07603.jpg\" alt=\"\" data-id=\"8118\" data-link=\"https:\/\/www.rodrigocypriano.com.br\/blog\/?attachment_id=8118\" class=\"wp-image-8118\"\/><\/figure><\/li><li class=\"blocks-gallery-item\"><figure><img decoding=\"async\" src=\"https:\/\/www.rodrigocypriano.com.br\/blog\/wp-content\/uploads\/2019\/10\/fotografo-casamento-sp-cas_giovana_frederico-07697.jpg\" alt=\"\" data-id=\"8119\" data-link=\"https:\/\/www.rodrigocypriano.com.br\/blog\/?attachment_id=8119\" class=\"wp-image-8119\"\/><\/figure><\/li><li class=\"blocks-gallery-item\"><figure><img decoding=\"async\" src=\"https:\/\/www.rodrigocypriano.com.br\/blog\/wp-content\/uploads\/2019\/10\/fotografo-casamento-sp-cas_giovana_frederico-07708.jpg\" alt=\"\" data-id=\"8120\" data-link=\"https:\/\/www.rodrigocypriano.com.br\/blog\/?attachment_id=8120\" class=\"wp-image-8120\"\/><\/figure><\/li><li class=\"blocks-gallery-item\"><figure><img decoding=\"async\" src=\"https:\/\/www.rodrigocypriano.com.br\/blog\/wp-content\/uploads\/2019\/10\/fotografo-casamento-sp-cas_giovana_frederico-07845.jpg\" alt=\"\" data-id=\"8121\" data-link=\"https:\/\/www.rodrigocypriano.com.br\/blog\/?attachment_id=8121\" class=\"wp-image-8121\"\/><\/figure><\/li><li class=\"blocks-gallery-item\"><figure><img decoding=\"async\" src=\"https:\/\/www.rodrigocypriano.com.br\/blog\/wp-content\/uploads\/2019\/10\/fotografo-casamento-sp-cas_giovana_frederico-07849.jpg\" alt=\"\" data-id=\"8122\" data-link=\"https:\/\/www.rodrigocypriano.com.br\/blog\/?attachment_id=8122\" class=\"wp-image-8122\"\/><\/figure><\/li><li class=\"blocks-gallery-item\"><figure><img decoding=\"async\" src=\"https:\/\/www.rodrigocypriano.com.br\/blog\/wp-content\/uploads\/2019\/10\/fotografo-casamento-sp-cas_giovana_frederico-08795.jpg\" alt=\"\" data-id=\"8123\" data-link=\"https:\/\/www.rodrigocypriano.com.br\/blog\/?attachment_id=8123\" class=\"wp-image-8123\"\/><\/figure><\/li><li class=\"blocks-gallery-item\"><figure><img decoding=\"async\" src=\"https:\/\/www.rodrigocypriano.com.br\/blog\/wp-content\/uploads\/2019\/10\/fotografo-casamento-sp-cas_giovana_frederico-08892.jpg\" alt=\"\" data-id=\"8124\" data-link=\"https:\/\/www.rodrigocypriano.com.br\/blog\/?attachment_id=8124\" class=\"wp-image-8124\"\/><\/figure><\/li><li class=\"blocks-gallery-item\"><figure><img decoding=\"async\" src=\"https:\/\/www.rodrigocypriano.com.br\/blog\/wp-content\/uploads\/2019\/10\/fotografo-casamento-sp-cas_giovana_frederico-09054.jpg\" alt=\"\" data-id=\"8125\" data-link=\"https:\/\/www.rodrigocypriano.com.br\/blog\/?attachment_id=8125\" class=\"wp-image-8125\"\/><\/figure><\/li><li class=\"blocks-gallery-item\"><figure><img decoding=\"async\" src=\"https:\/\/www.rodrigocypriano.com.br\/blog\/wp-content\/uploads\/2019\/10\/fotografo-casamento-sp-cas_giovana_frederico-09075.jpg\" alt=\"\" data-id=\"8126\" data-link=\"https:\/\/www.rodrigocypriano.com.br\/blog\/?attachment_id=8126\" class=\"wp-image-8126\"\/><\/figure><\/li><li class=\"blocks-gallery-item\"><figure><img decoding=\"async\" src=\"https:\/\/www.rodrigocypriano.com.br\/blog\/wp-content\/uploads\/2019\/10\/fotografo-casamento-sp-cas_giovana_frederico-09145.jpg\" alt=\"\" data-id=\"8127\" data-link=\"https:\/\/www.rodrigocypriano.com.br\/blog\/?attachment_id=8127\" class=\"wp-image-8127\"\/><\/figure><\/li><li class=\"blocks-gallery-item\"><figure><img decoding=\"async\" src=\"https:\/\/www.rodrigocypriano.com.br\/blog\/wp-content\/uploads\/2019\/10\/fotografo-casamento-sp-cas_giovana_frederico-09202.jpg\" alt=\"\" data-id=\"8128\" data-link=\"https:\/\/www.rodrigocypriano.com.br\/blog\/?attachment_id=8128\" class=\"wp-image-8128\"\/><\/figure><\/li><li class=\"blocks-gallery-item\"><figure><img decoding=\"async\" src=\"https:\/\/www.rodrigocypriano.com.br\/blog\/wp-content\/uploads\/2019\/10\/fotografo-casamento-sp-cas_giovana_frederico-09603.jpg\" alt=\"\" data-id=\"8129\" data-link=\"https:\/\/www.rodrigocypriano.com.br\/blog\/?attachment_id=8129\" class=\"wp-image-8129\"\/><\/figure><\/li><li class=\"blocks-gallery-item\"><figure><img decoding=\"async\" src=\"https:\/\/www.rodrigocypriano.com.br\/blog\/wp-content\/uploads\/2019\/10\/fotografo-casamento-sp-cas_giovana_frederico-10860.jpg\" alt=\"\" data-id=\"8130\" data-link=\"https:\/\/www.rodrigocypriano.com.br\/blog\/?attachment_id=8130\" class=\"wp-image-8130\"\/><\/figure><\/li><li class=\"blocks-gallery-item\"><figure><img decoding=\"async\" src=\"https:\/\/www.rodrigocypriano.com.br\/blog\/wp-content\/uploads\/2019\/10\/fotografo-casamento-sp-cas_giovana_frederico-11068.jpg\" alt=\"\" data-id=\"8131\" data-link=\"https:\/\/www.rodrigocypriano.com.br\/blog\/?attachment_id=8131\" class=\"wp-image-8131\"\/><\/figure><\/li><li class=\"blocks-gallery-item\"><figure><img decoding=\"async\" src=\"https:\/\/www.rodrigocypriano.com.br\/blog\/wp-content\/uploads\/2019\/10\/fotografo-casamento-sp-cas_giovana_frederico-11535.jpg\" alt=\"\" data-id=\"8132\" data-link=\"https:\/\/www.rodrigocypriano.com.br\/blog\/?attachment_id=8132\" class=\"wp-image-8132\"\/><\/figure><\/li><li class=\"blocks-gallery-item\"><figure><img decoding=\"async\" src=\"https:\/\/www.rodrigocypriano.com.br\/blog\/wp-content\/uploads\/2019\/10\/fotografo-casamento-sp-cas_giovana_frederico-11679.jpg\" alt=\"\" data-id=\"8133\" data-link=\"https:\/\/www.rodrigocypriano.com.br\/blog\/?attachment_id=8133\" class=\"wp-image-8133\"\/><\/figure><\/li><li class=\"blocks-gallery-item\"><figure><img decoding=\"async\" src=\"https:\/\/www.rodrigocypriano.com.br\/blog\/wp-content\/uploads\/2019\/10\/fotografo-casamento-sp-cas_giovana_frederico-11973.jpg\" alt=\"\" data-id=\"8134\" data-link=\"https:\/\/www.rodrigocypriano.com.br\/blog\/?attachment_id=8134\" class=\"wp-image-8134\"\/><\/figure><\/li><li class=\"blocks-gallery-item\"><figure><img decoding=\"async\" src=\"https:\/\/www.rodrigocypriano.com.br\/blog\/wp-content\/uploads\/2019\/10\/fotografo-casamento-sp-cas_giovana_frederico-12188.jpg\" alt=\"\" data-id=\"8135\" data-link=\"https:\/\/www.rodrigocypriano.com.br\/blog\/?attachment_id=8135\" class=\"wp-image-8135\"\/><\/figure><\/li><\/ul><\/figure>\n\n\n\n<p class=\"has-small-font-size wp-block-paragraph\"><a rel=\"noreferrer noopener\" href=\"https:\/\/rodrigocypriano.com.br\/blog\/category\/casamento\/\" target=\"_blank\">Clique aqui<\/a> e veja outros casamentos =)<br>Fotos do Casamento: <a href=\"https:\/\/www.facebook.com\/rodrigocyprianofotografia\">Rodrigo Cypriano<\/a><br>Video de Casamento: <a href=\"http:\/\/www.fabiodagama.com.br\/\">Fabio da Gama<\/a><br>Assessoria: <a href=\"https:\/\/www.instagram.com\/caasei\/\">Casa de dois<\/a><br>Local do casamento: <a href=\"https:\/\/www.instagram.com\/terrasdeclara\/?hl=pt-br\">Terras de Clara<\/a><\/p>\n","protected":false},"excerpt":{"rendered":"<p>Fotos de casamento Terras de Clara, Fot\u00f3grafo de Casamento e ensaios pr\u00e9 casamento Rodrigo Cypriano realizado No Terras de Clara em Morungaba &#8211; SP Clique aqui e veja outros casamentos =)Fotos do Casamento: Rodrigo CyprianoVideo de Casamento: Fabio da GamaAssessoria: Casa de doisLocal do casamento: Terras de Clara<\/p>\n","protected":false},"author":1,"featured_media":9353,"comment_status":"open","ping_status":"open","sticky":false,"template":"","format":"standard","meta":{"footnotes":""},"categories":[7],"tags":[23,64,112,8,50,262,65,52,12,38,13,68,14,71,73,304,16,57,19,79,47,322,21],"class_list":["post-8082","post","type-post","status-publish","format-standard","has-post-thumbnail","hentry","category-casamento","tag-casamento","tag-casamento-emocionante","tag-casamento-na-cidade","tag-casamento-na-praia","tag-cerimonia","tag-cinthia-rosenberg","tag-decoracao","tag-festa","tag-fotografia-de-casamento","tag-fotografia-social","tag-fotografo-de-casamento","tag-fotografo-de-casamento-na-praia","tag-fotografos-de-casamento","tag-fotos-espontaneas","tag-melhores-fotografos","tag-mini-casamento","tag-noiva","tag-noivo","tag-rodrigo-cypriano","tag-rodrigo-cypriano-fotografia","tag-sao-paulo","tag-terras-de-clara","tag-wedding"],"yoast_head":"<!-- This site is optimized with the Yoast SEO plugin v28.3 - https:\/\/yoast.com\/product\/yoast-seo-wordpress\/ -->\n<title>Fotos de Casamento | Giovanna e Fred | Terras de Clara | Morungaba - SP<\/title>\n<meta name=\"description\" content=\"Fotos do Fot\u00f3grafo de Casamento e ensaios pr\u00e9 casamento Rodrigo Cypriano realizado No Terras de Clara em Morungaba - S\u00e3o Paulo - SP\" \/>\n<meta name=\"robots\" content=\"index, follow, max-snippet:-1, max-image-preview:large, max-video-preview:-1\" \/>\n<link rel=\"canonical\" href=\"https:\/\/rodrigocypriano.com.br\/blog\/fotos-de-casamento-giovanna-e-fred-terras-de-clara-morungaba-sp\/\" \/>\n<meta property=\"og:locale\" content=\"pt_BR\" \/>\n<meta property=\"og:type\" content=\"article\" \/>\n<meta property=\"og:title\" content=\"Fotos de Casamento | Giovanna e Fred | Terras de Clara | Morungaba - SP\" \/>\n<meta property=\"og:description\" content=\"Fotos do Fot\u00f3grafo de Casamento e ensaios pr\u00e9 casamento Rodrigo Cypriano realizado No Terras de Clara em Morungaba - S\u00e3o Paulo - SP\" \/>\n<meta property=\"og:url\" content=\"https:\/\/rodrigocypriano.com.br\/blog\/fotos-de-casamento-giovanna-e-fred-terras-de-clara-morungaba-sp\/\" \/>\n<meta property=\"og:site_name\" content=\"Fot\u00f3grafo de Casamento SP - Rodrigo Cypriano Fotografia - especializado em fotos de casamento e ensaios.\" \/>\n<meta property=\"article:publisher\" content=\"https:\/\/www.facebook.com\/rodrigocyprianofotografia\" \/>\n<meta property=\"article:published_time\" content=\"2019-10-07T19:54:58+00:00\" \/>\n<meta property=\"article:modified_time\" content=\"2020-07-02T16:07:37+00:00\" \/>\n<meta property=\"og:image\" content=\"https:\/\/rodrigocypriano.com.br\/blog\/wp-content\/uploads\/2020\/06\/fotografo-casamento-sp-cas_giovana_frederico-05133.jpg\" \/>\n\t<meta property=\"og:image:width\" content=\"1500\" \/>\n\t<meta property=\"og:image:height\" content=\"1001\" \/>\n\t<meta property=\"og:image:type\" content=\"image\/jpeg\" \/>\n<meta name=\"author\" content=\"Rodrigo Cypriano\" \/>\n<meta name=\"twitter:card\" content=\"summary_large_image\" \/>\n<meta name=\"twitter:label1\" content=\"Escrito por\" \/>\n\t<meta name=\"twitter:data1\" content=\"Rodrigo Cypriano\" \/>\n<script type=\"application\/ld+json\" class=\"yoast-schema-graph\">{\"@context\":\"https:\\\/\\\/schema.org\",\"@graph\":[{\"@type\":\"Article\",\"@id\":\"https:\\\/\\\/rodrigocypriano.com.br\\\/blog\\\/fotos-de-casamento-giovanna-e-fred-terras-de-clara-morungaba-sp\\\/#article\",\"isPartOf\":{\"@id\":\"https:\\\/\\\/rodrigocypriano.com.br\\\/blog\\\/fotos-de-casamento-giovanna-e-fred-terras-de-clara-morungaba-sp\\\/\"},\"author\":{\"name\":\"Rodrigo Cypriano\",\"@id\":\"https:\\\/\\\/rodrigocypriano.com.br\\\/blog\\\/#\\\/schema\\\/person\\\/f7f6974a26b7bb94686d85b203fab135\"},\"headline\":\"Casamento | Giovanna e Fred | Terras de Clara | Morungaba &#8211; SP\",\"datePublished\":\"2019-10-07T19:54:58+00:00\",\"dateModified\":\"2020-07-02T16:07:37+00:00\",\"mainEntityOfPage\":{\"@id\":\"https:\\\/\\\/rodrigocypriano.com.br\\\/blog\\\/fotos-de-casamento-giovanna-e-fred-terras-de-clara-morungaba-sp\\\/\"},\"wordCount\":62,\"commentCount\":0,\"publisher\":{\"@id\":\"https:\\\/\\\/rodrigocypriano.com.br\\\/blog\\\/#organization\"},\"image\":{\"@id\":\"https:\\\/\\\/rodrigocypriano.com.br\\\/blog\\\/fotos-de-casamento-giovanna-e-fred-terras-de-clara-morungaba-sp\\\/#primaryimage\"},\"thumbnailUrl\":\"https:\\\/\\\/rodrigocypriano.com.br\\\/blog\\\/wp-content\\\/uploads\\\/2020\\\/06\\\/fotografo-casamento-sp-cas_giovana_frederico-05133.jpg\",\"keywords\":[\"Casamento\",\"Casamento emocionante\",\"Casamento na cidade\",\"Casamento na Praia\",\"Cerim\u00f4nia\",\"Cinthia Rosenberg\",\"decora\u00e7\u00e3o\",\"Festa\",\"fotografia de casamento\",\"fotografia social\",\"fot\u00f3grafo de casamento\",\"Fotografo de casamento na praia\",\"fot\u00f3grafos de casamento\",\"fotos espont\u00e2neas\",\"melhores fot\u00f3grafos\",\"Mini Casamento\",\"Noiva\",\"Noivo\",\"Rodrigo Cypriano\",\"Rodrigo Cypriano fotografia\",\"S\u00e3o Paulo\",\"Terras de Clara\",\"wedding\"],\"articleSection\":[\"Casamento\"],\"inLanguage\":\"pt-BR\",\"potentialAction\":[{\"@type\":\"CommentAction\",\"name\":\"Comment\",\"target\":[\"https:\\\/\\\/rodrigocypriano.com.br\\\/blog\\\/fotos-de-casamento-giovanna-e-fred-terras-de-clara-morungaba-sp\\\/#respond\"]}]},{\"@type\":\"WebPage\",\"@id\":\"https:\\\/\\\/rodrigocypriano.com.br\\\/blog\\\/fotos-de-casamento-giovanna-e-fred-terras-de-clara-morungaba-sp\\\/\",\"url\":\"https:\\\/\\\/rodrigocypriano.com.br\\\/blog\\\/fotos-de-casamento-giovanna-e-fred-terras-de-clara-morungaba-sp\\\/\",\"name\":\"Fotos de Casamento | Giovanna e Fred | Terras de Clara | Morungaba - SP\",\"isPartOf\":{\"@id\":\"https:\\\/\\\/rodrigocypriano.com.br\\\/blog\\\/#website\"},\"primaryImageOfPage\":{\"@id\":\"https:\\\/\\\/rodrigocypriano.com.br\\\/blog\\\/fotos-de-casamento-giovanna-e-fred-terras-de-clara-morungaba-sp\\\/#primaryimage\"},\"image\":{\"@id\":\"https:\\\/\\\/rodrigocypriano.com.br\\\/blog\\\/fotos-de-casamento-giovanna-e-fred-terras-de-clara-morungaba-sp\\\/#primaryimage\"},\"thumbnailUrl\":\"https:\\\/\\\/rodrigocypriano.com.br\\\/blog\\\/wp-content\\\/uploads\\\/2020\\\/06\\\/fotografo-casamento-sp-cas_giovana_frederico-05133.jpg\",\"datePublished\":\"2019-10-07T19:54:58+00:00\",\"dateModified\":\"2020-07-02T16:07:37+00:00\",\"description\":\"Fotos do Fot\u00f3grafo de Casamento e ensaios pr\u00e9 casamento Rodrigo Cypriano realizado No Terras de Clara em Morungaba - S\u00e3o Paulo - SP\",\"breadcrumb\":{\"@id\":\"https:\\\/\\\/rodrigocypriano.com.br\\\/blog\\\/fotos-de-casamento-giovanna-e-fred-terras-de-clara-morungaba-sp\\\/#breadcrumb\"},\"inLanguage\":\"pt-BR\",\"potentialAction\":[{\"@type\":\"ReadAction\",\"target\":[\"https:\\\/\\\/rodrigocypriano.com.br\\\/blog\\\/fotos-de-casamento-giovanna-e-fred-terras-de-clara-morungaba-sp\\\/\"]}]},{\"@type\":\"ImageObject\",\"inLanguage\":\"pt-BR\",\"@id\":\"https:\\\/\\\/rodrigocypriano.com.br\\\/blog\\\/fotos-de-casamento-giovanna-e-fred-terras-de-clara-morungaba-sp\\\/#primaryimage\",\"url\":\"https:\\\/\\\/rodrigocypriano.com.br\\\/blog\\\/wp-content\\\/uploads\\\/2020\\\/06\\\/fotografo-casamento-sp-cas_giovana_frederico-05133.jpg\",\"contentUrl\":\"https:\\\/\\\/rodrigocypriano.com.br\\\/blog\\\/wp-content\\\/uploads\\\/2020\\\/06\\\/fotografo-casamento-sp-cas_giovana_frederico-05133.jpg\",\"width\":1500,\"height\":1001},{\"@type\":\"BreadcrumbList\",\"@id\":\"https:\\\/\\\/rodrigocypriano.com.br\\\/blog\\\/fotos-de-casamento-giovanna-e-fred-terras-de-clara-morungaba-sp\\\/#breadcrumb\",\"itemListElement\":[{\"@type\":\"ListItem\",\"position\":1,\"name\":\"Home\",\"item\":\"https:\\\/\\\/rodrigocypriano.com.br\\\/blog\\\/\"},{\"@type\":\"ListItem\",\"position\":2,\"name\":\"Casamento | Giovanna e Fred | Terras de Clara | Morungaba &#8211; SP\"}]},{\"@type\":\"WebSite\",\"@id\":\"https:\\\/\\\/rodrigocypriano.com.br\\\/blog\\\/#website\",\"url\":\"https:\\\/\\\/rodrigocypriano.com.br\\\/blog\\\/\",\"name\":\"Rodrigo Cypriano - Fot\u00f3grafo de Casamento S\u00e3o Paulo SP, fotos e fotografia de casamento\",\"description\":\"Site do fot\u00f3grafo de casamento SP, Rodrigo Cypriano \u00e9 especializado em Fotografia de Casamento em S\u00e3o Paulo, fotos para casamento, fotografias de ensaios pre casamento, fotos espont\u00e2neas e naturais\",\"publisher\":{\"@id\":\"https:\\\/\\\/rodrigocypriano.com.br\\\/blog\\\/#organization\"},\"potentialAction\":[{\"@type\":\"SearchAction\",\"target\":{\"@type\":\"EntryPoint\",\"urlTemplate\":\"https:\\\/\\\/rodrigocypriano.com.br\\\/blog\\\/?s={search_term_string}\"},\"query-input\":{\"@type\":\"PropertyValueSpecification\",\"valueRequired\":true,\"valueName\":\"search_term_string\"}}],\"inLanguage\":\"pt-BR\"},{\"@type\":\"Organization\",\"@id\":\"https:\\\/\\\/rodrigocypriano.com.br\\\/blog\\\/#organization\",\"name\":\"Rodrigo Cypriano Fotografia\",\"url\":\"https:\\\/\\\/rodrigocypriano.com.br\\\/blog\\\/\",\"logo\":{\"@type\":\"ImageObject\",\"inLanguage\":\"pt-BR\",\"@id\":\"https:\\\/\\\/rodrigocypriano.com.br\\\/blog\\\/#\\\/schema\\\/logo\\\/image\\\/\",\"url\":\"https:\\\/\\\/rodrigocypriano.com.br\\\/blog\\\/wp-content\\\/uploads\\\/2020\\\/06\\\/logo_horizontal_pequeno.png\",\"contentUrl\":\"https:\\\/\\\/rodrigocypriano.com.br\\\/blog\\\/wp-content\\\/uploads\\\/2020\\\/06\\\/logo_horizontal_pequeno.png\",\"width\":500,\"height\":82,\"caption\":\"Rodrigo Cypriano Fotografia\"},\"image\":{\"@id\":\"https:\\\/\\\/rodrigocypriano.com.br\\\/blog\\\/#\\\/schema\\\/logo\\\/image\\\/\"},\"sameAs\":[\"https:\\\/\\\/www.facebook.com\\\/rodrigocyprianofotografia\",\"https:\\\/\\\/www.instagram.com\\\/rodrigocyprianofotografia\\\/\"]},{\"@type\":\"Person\",\"@id\":\"https:\\\/\\\/rodrigocypriano.com.br\\\/blog\\\/#\\\/schema\\\/person\\\/f7f6974a26b7bb94686d85b203fab135\",\"name\":\"Rodrigo Cypriano\",\"image\":{\"@type\":\"ImageObject\",\"inLanguage\":\"pt-BR\",\"@id\":\"https:\\\/\\\/secure.gravatar.com\\\/avatar\\\/1a872939ca554a735bb33ada6aab3a2b4aa75cc623213f18c86d460411ca8060?s=96&d=mm&r=g\",\"url\":\"https:\\\/\\\/secure.gravatar.com\\\/avatar\\\/1a872939ca554a735bb33ada6aab3a2b4aa75cc623213f18c86d460411ca8060?s=96&d=mm&r=g\",\"contentUrl\":\"https:\\\/\\\/secure.gravatar.com\\\/avatar\\\/1a872939ca554a735bb33ada6aab3a2b4aa75cc623213f18c86d460411ca8060?s=96&d=mm&r=g\",\"caption\":\"Rodrigo Cypriano\"},\"sameAs\":[\"https:\\\/\\\/rodrigocypriano.com.br\\\/rodrigonovo\"]}]}<\/script>\n<!-- \/ Yoast SEO plugin. -->","yoast_head_json":{"title":"Fotos de Casamento | Giovanna e Fred | Terras de Clara | Morungaba - SP","description":"Fotos do Fot\u00f3grafo de Casamento e ensaios pr\u00e9 casamento Rodrigo Cypriano realizado No Terras de Clara em Morungaba - S\u00e3o Paulo - SP","robots":{"index":"index","follow":"follow","max-snippet":"max-snippet:-1","max-image-preview":"max-image-preview:large","max-video-preview":"max-video-preview:-1"},"canonical":"https:\/\/rodrigocypriano.com.br\/blog\/fotos-de-casamento-giovanna-e-fred-terras-de-clara-morungaba-sp\/","og_locale":"pt_BR","og_type":"article","og_title":"Fotos de Casamento | Giovanna e Fred | Terras de Clara | Morungaba - SP","og_description":"Fotos do Fot\u00f3grafo de Casamento e ensaios pr\u00e9 casamento Rodrigo Cypriano realizado No Terras de Clara em Morungaba - S\u00e3o Paulo - SP","og_url":"https:\/\/rodrigocypriano.com.br\/blog\/fotos-de-casamento-giovanna-e-fred-terras-de-clara-morungaba-sp\/","og_site_name":"Fot\u00f3grafo de Casamento SP - Rodrigo Cypriano Fotografia - especializado em fotos de casamento e ensaios.","article_publisher":"https:\/\/www.facebook.com\/rodrigocyprianofotografia","article_published_time":"2019-10-07T19:54:58+00:00","article_modified_time":"2020-07-02T16:07:37+00:00","og_image":[{"width":1500,"height":1001,"url":"https:\/\/rodrigocypriano.com.br\/blog\/wp-content\/uploads\/2020\/06\/fotografo-casamento-sp-cas_giovana_frederico-05133.jpg","type":"image\/jpeg"}],"author":"Rodrigo Cypriano","twitter_card":"summary_large_image","twitter_misc":{"Escrito por":"Rodrigo Cypriano"},"schema":{"@context":"https:\/\/schema.org","@graph":[{"@type":"Article","@id":"https:\/\/rodrigocypriano.com.br\/blog\/fotos-de-casamento-giovanna-e-fred-terras-de-clara-morungaba-sp\/#article","isPartOf":{"@id":"https:\/\/rodrigocypriano.com.br\/blog\/fotos-de-casamento-giovanna-e-fred-terras-de-clara-morungaba-sp\/"},"author":{"name":"Rodrigo Cypriano","@id":"https:\/\/rodrigocypriano.com.br\/blog\/#\/schema\/person\/f7f6974a26b7bb94686d85b203fab135"},"headline":"Casamento | Giovanna e Fred | Terras de Clara | Morungaba &#8211; SP","datePublished":"2019-10-07T19:54:58+00:00","dateModified":"2020-07-02T16:07:37+00:00","mainEntityOfPage":{"@id":"https:\/\/rodrigocypriano.com.br\/blog\/fotos-de-casamento-giovanna-e-fred-terras-de-clara-morungaba-sp\/"},"wordCount":62,"commentCount":0,"publisher":{"@id":"https:\/\/rodrigocypriano.com.br\/blog\/#organization"},"image":{"@id":"https:\/\/rodrigocypriano.com.br\/blog\/fotos-de-casamento-giovanna-e-fred-terras-de-clara-morungaba-sp\/#primaryimage"},"thumbnailUrl":"https:\/\/rodrigocypriano.com.br\/blog\/wp-content\/uploads\/2020\/06\/fotografo-casamento-sp-cas_giovana_frederico-05133.jpg","keywords":["Casamento","Casamento emocionante","Casamento na cidade","Casamento na Praia","Cerim\u00f4nia","Cinthia Rosenberg","decora\u00e7\u00e3o","Festa","fotografia de casamento","fotografia social","fot\u00f3grafo de casamento","Fotografo de casamento na praia","fot\u00f3grafos de casamento","fotos espont\u00e2neas","melhores fot\u00f3grafos","Mini Casamento","Noiva","Noivo","Rodrigo Cypriano","Rodrigo Cypriano fotografia","S\u00e3o Paulo","Terras de Clara","wedding"],"articleSection":["Casamento"],"inLanguage":"pt-BR","potentialAction":[{"@type":"CommentAction","name":"Comment","target":["https:\/\/rodrigocypriano.com.br\/blog\/fotos-de-casamento-giovanna-e-fred-terras-de-clara-morungaba-sp\/#respond"]}]},{"@type":"WebPage","@id":"https:\/\/rodrigocypriano.com.br\/blog\/fotos-de-casamento-giovanna-e-fred-terras-de-clara-morungaba-sp\/","url":"https:\/\/rodrigocypriano.com.br\/blog\/fotos-de-casamento-giovanna-e-fred-terras-de-clara-morungaba-sp\/","name":"Fotos de Casamento | Giovanna e Fred | Terras de Clara | Morungaba - SP","isPartOf":{"@id":"https:\/\/rodrigocypriano.com.br\/blog\/#website"},"primaryImageOfPage":{"@id":"https:\/\/rodrigocypriano.com.br\/blog\/fotos-de-casamento-giovanna-e-fred-terras-de-clara-morungaba-sp\/#primaryimage"},"image":{"@id":"https:\/\/rodrigocypriano.com.br\/blog\/fotos-de-casamento-giovanna-e-fred-terras-de-clara-morungaba-sp\/#primaryimage"},"thumbnailUrl":"https:\/\/rodrigocypriano.com.br\/blog\/wp-content\/uploads\/2020\/06\/fotografo-casamento-sp-cas_giovana_frederico-05133.jpg","datePublished":"2019-10-07T19:54:58+00:00","dateModified":"2020-07-02T16:07:37+00:00","description":"Fotos do Fot\u00f3grafo de Casamento e ensaios pr\u00e9 casamento Rodrigo Cypriano realizado No Terras de Clara em Morungaba - S\u00e3o Paulo - SP","breadcrumb":{"@id":"https:\/\/rodrigocypriano.com.br\/blog\/fotos-de-casamento-giovanna-e-fred-terras-de-clara-morungaba-sp\/#breadcrumb"},"inLanguage":"pt-BR","potentialAction":[{"@type":"ReadAction","target":["https:\/\/rodrigocypriano.com.br\/blog\/fotos-de-casamento-giovanna-e-fred-terras-de-clara-morungaba-sp\/"]}]},{"@type":"ImageObject","inLanguage":"pt-BR","@id":"https:\/\/rodrigocypriano.com.br\/blog\/fotos-de-casamento-giovanna-e-fred-terras-de-clara-morungaba-sp\/#primaryimage","url":"https:\/\/rodrigocypriano.com.br\/blog\/wp-content\/uploads\/2020\/06\/fotografo-casamento-sp-cas_giovana_frederico-05133.jpg","contentUrl":"https:\/\/rodrigocypriano.com.br\/blog\/wp-content\/uploads\/2020\/06\/fotografo-casamento-sp-cas_giovana_frederico-05133.jpg","width":1500,"height":1001},{"@type":"BreadcrumbList","@id":"https:\/\/rodrigocypriano.com.br\/blog\/fotos-de-casamento-giovanna-e-fred-terras-de-clara-morungaba-sp\/#breadcrumb","itemListElement":[{"@type":"ListItem","position":1,"name":"Home","item":"https:\/\/rodrigocypriano.com.br\/blog\/"},{"@type":"ListItem","position":2,"name":"Casamento | Giovanna e Fred | Terras de Clara | Morungaba &#8211; SP"}]},{"@type":"WebSite","@id":"https:\/\/rodrigocypriano.com.br\/blog\/#website","url":"https:\/\/rodrigocypriano.com.br\/blog\/","name":"Rodrigo Cypriano - Fot\u00f3grafo de Casamento S\u00e3o Paulo SP, fotos e fotografia de casamento","description":"Site do fot\u00f3grafo de casamento SP, Rodrigo Cypriano \u00e9 especializado em Fotografia de Casamento em S\u00e3o Paulo, fotos para casamento, fotografias de ensaios pre casamento, fotos espont\u00e2neas e naturais","publisher":{"@id":"https:\/\/rodrigocypriano.com.br\/blog\/#organization"},"potentialAction":[{"@type":"SearchAction","target":{"@type":"EntryPoint","urlTemplate":"https:\/\/rodrigocypriano.com.br\/blog\/?s={search_term_string}"},"query-input":{"@type":"PropertyValueSpecification","valueRequired":true,"valueName":"search_term_string"}}],"inLanguage":"pt-BR"},{"@type":"Organization","@id":"https:\/\/rodrigocypriano.com.br\/blog\/#organization","name":"Rodrigo Cypriano Fotografia","url":"https:\/\/rodrigocypriano.com.br\/blog\/","logo":{"@type":"ImageObject","inLanguage":"pt-BR","@id":"https:\/\/rodrigocypriano.com.br\/blog\/#\/schema\/logo\/image\/","url":"https:\/\/rodrigocypriano.com.br\/blog\/wp-content\/uploads\/2020\/06\/logo_horizontal_pequeno.png","contentUrl":"https:\/\/rodrigocypriano.com.br\/blog\/wp-content\/uploads\/2020\/06\/logo_horizontal_pequeno.png","width":500,"height":82,"caption":"Rodrigo Cypriano Fotografia"},"image":{"@id":"https:\/\/rodrigocypriano.com.br\/blog\/#\/schema\/logo\/image\/"},"sameAs":["https:\/\/www.facebook.com\/rodrigocyprianofotografia","https:\/\/www.instagram.com\/rodrigocyprianofotografia\/"]},{"@type":"Person","@id":"https:\/\/rodrigocypriano.com.br\/blog\/#\/schema\/person\/f7f6974a26b7bb94686d85b203fab135","name":"Rodrigo Cypriano","image":{"@type":"ImageObject","inLanguage":"pt-BR","@id":"https:\/\/secure.gravatar.com\/avatar\/1a872939ca554a735bb33ada6aab3a2b4aa75cc623213f18c86d460411ca8060?s=96&d=mm&r=g","url":"https:\/\/secure.gravatar.com\/avatar\/1a872939ca554a735bb33ada6aab3a2b4aa75cc623213f18c86d460411ca8060?s=96&d=mm&r=g","contentUrl":"https:\/\/secure.gravatar.com\/avatar\/1a872939ca554a735bb33ada6aab3a2b4aa75cc623213f18c86d460411ca8060?s=96&d=mm&r=g","caption":"Rodrigo Cypriano"},"sameAs":["https:\/\/rodrigocypriano.com.br\/rodrigonovo"]}]}},"_links":{"self":[{"href":"https:\/\/rodrigocypriano.com.br\/blog\/wp-json\/wp\/v2\/posts\/8082","targetHints":{"allow":["GET"]}}],"collection":[{"href":"https:\/\/rodrigocypriano.com.br\/blog\/wp-json\/wp\/v2\/posts"}],"about":[{"href":"https:\/\/rodrigocypriano.com.br\/blog\/wp-json\/wp\/v2\/types\/post"}],"author":[{"embeddable":true,"href":"https:\/\/rodrigocypriano.com.br\/blog\/wp-json\/wp\/v2\/users\/1"}],"replies":[{"embeddable":true,"href":"https:\/\/rodrigocypriano.com.br\/blog\/wp-json\/wp\/v2\/comments?post=8082"}],"version-history":[{"count":4,"href":"https:\/\/rodrigocypriano.com.br\/blog\/wp-json\/wp\/v2\/posts\/8082\/revisions"}],"predecessor-version":[{"id":10863,"href":"https:\/\/rodrigocypriano.com.br\/blog\/wp-json\/wp\/v2\/posts\/8082\/revisions\/10863"}],"wp:featuredmedia":[{"embeddable":true,"href":"https:\/\/rodrigocypriano.com.br\/blog\/wp-json\/wp\/v2\/media\/9353"}],"wp:attachment":[{"href":"https:\/\/rodrigocypriano.com.br\/blog\/wp-json\/wp\/v2\/media?parent=8082"}],"wp:term":[{"taxonomy":"category","embeddable":true,"href":"https:\/\/rodrigocypriano.com.br\/blog\/wp-json\/wp\/v2\/categories?post=8082"},{"taxonomy":"post_tag","embeddable":true,"href":"https:\/\/rodrigocypriano.com.br\/blog\/wp-json\/wp\/v2\/tags?post=8082"}],"curies":[{"name":"wp","href":"https:\/\/api.w.org\/{rel}","templated":true}]}}